{"id":208,"date":"2026-09-01T16:27:00","date_gmt":"2026-09-01T16:27:00","guid":{"rendered":"https:\/\/elhaitem-law.com\/?p=208"},"modified":"2026-09-01T16:50:48","modified_gmt":"2026-09-01T16:50:48","slug":"contester-une-oqtf-recours-delais-et-procedure","status":"publish","type":"post","link":"https:\/\/elhaitem-law.com\/en\/blog\/oqtf\/contester-une-oqtf-recours-delais-et-procedure\/","title":{"rendered":"Contester une OQTF : recours, d\u00e9lais et proc\u00e9dure"},"content":{"rendered":"<p class=\"wp-block-paragraph\">Vous avez re\u00e7u une obligation de quitter le territoire fran\u00e7ais et le d\u00e9lai pour r\u00e9agir vous para\u00eet tr\u00e8s court. Il l&rsquo;est. Le recours principal contre une OQTF est le recours en annulation devant le tribunal administratif, \u00e0 former dans un d\u00e9lai qui va de 48 heures \u00e0 un mois selon votre situation. Ce recours suspend votre \u00e9loignement jusqu&rsquo;\u00e0 ce que le juge ait statu\u00e9. L&rsquo;OQTF est pr\u00e9vue par l&rsquo;article L611-1 du code de l\u2019entr\u00e9e et du s\u00e9jour des \u00e9trangers et du droit d\u2019asile (CESEDA), et se conteste selon les proc\u00e9dures fix\u00e9es aux articles L614-1 et suivants.<\/p>\n\n\n\n<div style=\"height:40px\" aria-hidden=\"true\" class=\"wp-block-spacer\"><\/div>\n\n\n\n<h2 class=\"wp-block-heading\">Qu&rsquo;est-ce qu&rsquo;une OQTF et pourquoi la contester ?<\/h2>\n\n\n\n<p class=\"wp-block-paragraph\"><a href=\"https:\/\/elhaitem-law.com\/en\/domaines\/particuliers\/oqtf\/\">Une OQTF<\/a> est une d\u00e9cision par laquelle le pr\u00e9fet ordonne \u00e0 une personne \u00e9trang\u00e8re de quitter la France. \u00c0 Paris, la d\u00e9cision rel\u00e8ve du pr\u00e9fet de police. Elle peut pr\u00e9voir un d\u00e9lai de d\u00e9part volontaire de trente jours, ou n&rsquo;accorder aucun d\u00e9lai, auquel cas elle est ex\u00e9cutoire imm\u00e9diatement.<\/p>\n\n\n\n<p class=\"wp-block-paragraph\"><a href=\"https:\/\/www.legifrance.gouv.fr\/codes\/article_lc\/LEGIARTI000042775578\" target=\"_blank\" rel=\"noopener\">L&rsquo;article L611-1 du CESEDA<\/a> pr\u00e9voit six situations qui autorisent le pr\u00e9fet \u00e0 prononcer une OQTF. Les plus fr\u00e9quentes sont le s\u00e9jour sans titre, le refus ou le retrait d&rsquo;un titre de s\u00e9jour, et le rejet d\u00e9finitif d&rsquo;une demande d&rsquo;asile. L&rsquo;OQTF s&rsquo;accompagne presque toujours d&rsquo;une d\u00e9cision fixant le pays de renvoi. Elle peut aussi \u00eatre assortie d&rsquo;une interdiction de retour sur le territoire fran\u00e7ais, qui entra\u00eene une inscription au syst\u00e8me d&rsquo;information Schengen et peut produire ses effets jusqu&rsquo;\u00e0 cinq ans, voire dix ans en cas de menace grave pour l&rsquo;ordre public.<\/p>\n\n\n\n<p class=\"wp-block-paragraph\">La contester r\u00e9pond \u00e0 deux objectifs.&nbsp;<\/p>\n\n\n\n<p class=\"wp-block-paragraph\">Le recours peut ainsi faire annuler une d\u00e9cision ill\u00e9gale, par exemple lorsque votre vie familiale en France n&rsquo;a pas \u00e9t\u00e9 prise en compte. Il vous prot\u00e8ge aussi de l&rsquo;\u00e9loignement : tant que le tribunal administratif n&rsquo;a pas statu\u00e9, vous ne pouvez pas \u00eatre renvoy\u00e9.&nbsp;<\/p>\n\n\n\n<p class=\"wp-block-paragraph\">Le cabinet intervient \u00e0 chaque \u00e9tape, depuis la lecture de la d\u00e9cision jusqu&rsquo;\u00e0 l&rsquo;audience.<\/p>\n\n\n\n<div style=\"height:40px\" aria-hidden=\"true\" class=\"wp-block-spacer\"><\/div>\n\n\n\n<figure class=\"wp-block-table\"><table class=\"has-fixed-layout\"><tbody><tr><td><strong>Ce que dit la loi :&nbsp;<\/strong>L&rsquo;article L611-1 du CESEDA \u00e9num\u00e8re limitativement les cas dans lesquels une OQTF peut \u00eatre prononc\u00e9e. Une OQTF prise en dehors de ces cas, ou insuffisamment motiv\u00e9e, peut \u00eatre annul\u00e9e par le juge administratif.<\/td><\/tr><\/tbody><\/table><\/figure>\n\n\n\n<div style=\"height:40px\" aria-hidden=\"true\" class=\"wp-block-spacer\"><\/div>\n\n\n\n<h2 class=\"wp-block-heading\">Les diff\u00e9rents recours contre une OQTF<\/h2>\n\n\n\n<p class=\"wp-block-paragraph\">Le principal recours contre une OQTF est le recours contentieux en annulation, port\u00e9 devant le tribunal administratif. C&rsquo;est lui qui suspend l&rsquo;\u00e9loignement, et lui seul qui permet \u00e0 un juge d&rsquo;examiner la l\u00e9galit\u00e9 de la d\u00e9cision.<\/p>\n\n\n\n<p class=\"wp-block-paragraph\">Deux autres d\u00e9marches existent, mais elles ne suspendent pas l&rsquo;ex\u00e9cution de l\u2019OQTF.&nbsp;<\/p>\n\n\n\n<ul class=\"wp-block-list\">\n<li>le recours gracieux s&rsquo;adresse au pr\u00e9fet qui a pris la d\u00e9cision ;\u00a0\u00a0<\/li>\n\n\n\n<li>le recours hi\u00e9rarchique s&rsquo;adresse au ministre de l&rsquo;Int\u00e9rieur.\u00a0<\/li>\n<\/ul>\n\n\n\n<p class=\"wp-block-paragraph\">Ces d\u00e9marches restent possibles, mais elles ne prolongent pas le d\u00e9lai pour saisir le tribunal administratif. Beaucoup de personnes le d\u00e9couvrent trop tard : un courrier au pr\u00e9fet n&rsquo;arr\u00eate pas le compte \u00e0 rebours du recours contentieux, qui continue de courir pendant ce temps.<\/p>\n\n\n\n<div style=\"height:40px\" aria-hidden=\"true\" class=\"wp-block-spacer\"><\/div>\n\n\n\n<figure class=\"wp-block-table\"><table class=\"has-fixed-layout\"><tbody><tr><td><strong>Bon \u00e0 savoir :&nbsp;<\/strong>Un recours gracieux ou hi\u00e9rarchique ne proroge pas le d\u00e9lai de recours contentieux contre une OQTF. Seul le recours d\u00e9pos\u00e9 devant le tribunal administratif, dans le d\u00e9lai imparti, prot\u00e8ge contre l&rsquo;\u00e9loignement.<\/td><\/tr><\/tbody><\/table><\/figure>\n\n\n\n<div style=\"height:40px\" aria-hidden=\"true\" class=\"wp-block-spacer\"><\/div>\n\n\n\n<h2 class=\"wp-block-heading\">Les d\u00e9lais de recours contre une OQTF<\/h2>\n\n\n\n<p class=\"wp-block-paragraph\">Le d\u00e9lai de recours contre une OQTF d\u00e9pend de votre situation au moment de la notification. Depuis la r\u00e9forme entr\u00e9e en vigueur le 15 juillet 2024, le CESEDA pr\u00e9voit trois cas, fix\u00e9s par les <a href=\"https:\/\/www.legifrance.gouv.fr\/codes\/section_lc\/LEGITEXT000006070158\/LEGISCTA000042772814\/\" target=\"_blank\" rel=\"noopener\">articles L614-1 \u00e0 L614-3<\/a>.<\/p>\n\n\n\n<div style=\"height:40px\" aria-hidden=\"true\" class=\"wp-block-spacer\"><\/div>\n\n\n\n<figure class=\"wp-block-table\"><table class=\"has-fixed-layout\"><tbody><tr><td><strong>Votre situation<\/strong><\/td><td><strong>D\u00e9lai pour saisir le tribunal<\/strong><\/td><td><strong>D\u00e9lai de jugement<\/strong><\/td><\/tr><tr><td>Ni assignation \u00e0 r\u00e9sidence ni r\u00e9tention<\/td><td>1 mois<\/td><td>6 mois (formation coll\u00e9giale)<\/td><\/tr><tr><td>Assignation \u00e0 r\u00e9sidence (ou d\u00e9tention)<\/td><td>7 jours<\/td><td>15 jours (juge unique)<\/td><\/tr><tr><td>R\u00e9tention administrative<\/td><td>48 heures<\/td><td>96 heures (juge unique)<\/td><\/tr><\/tbody><\/table><\/figure>\n\n\n\n<div style=\"height:40px\" aria-hidden=\"true\" class=\"wp-block-spacer\"><\/div>\n\n\n\n<p class=\"wp-block-paragraph\">Le d\u00e9lai d&rsquo;un mois correspond \u00e0 la proc\u00e9dure ordinaire, pr\u00e9vue par les articles L614-1 et L911-1.&nbsp;<\/p>\n\n\n\n<p class=\"wp-block-paragraph\">Les d\u00e9lais de sept jours et de quarante-huit heures rel\u00e8vent des proc\u00e9dures acc\u00e9l\u00e9r\u00e9es des <a href=\"https:\/\/www.legifrance.gouv.fr\/codes\/article_lc\/LEGIARTI000049050149\" target=\"_blank\" rel=\"noopener\">articles L921-1<\/a> et L921-2. Ces deux d\u00e9lais courts sont imp\u00e9ratifs et ne peuvent pas \u00eatre prolong\u00e9s. Par ailleurs, le d\u00e9lai de sept jours se d\u00e9compte d&rsquo;heure \u00e0 heure \u00e0 partir de la notification, et non en jours entiers.<\/p>\n\n\n\n<div style=\"height:40px\" aria-hidden=\"true\" class=\"wp-block-spacer\"><\/div>\n\n\n\n<h2 class=\"wp-block-heading\">L&rsquo;effet suspensif du recours<\/h2>\n\n\n\n<p class=\"wp-block-paragraph\">Le recours contre une OQTF devant le tribunal administratif est suspensif. Cela signifie que, tant que le juge n&rsquo;a pas statu\u00e9, vous ne pouvez pas \u00eatre \u00e9loign\u00e9 de France. D\u00e9poser le recours dans le d\u00e9lai pr\u00e9sente, d\u00e8s lors, un int\u00e9r\u00eat majeur. Cette r\u00e8gle d\u00e9roge au principe g\u00e9n\u00e9ral du droit administratif, selon lequel un recours ne suspend pas la d\u00e9cision attaqu\u00e9e, et elle d\u00e9coule d&rsquo;une exigence du droit de l&rsquo;Union europ\u00e9enne.<\/p>\n\n\n\n<div style=\"height:40px\" aria-hidden=\"true\" class=\"wp-block-spacer\"><\/div>\n\n\n\n<figure class=\"wp-block-table\"><table class=\"has-fixed-layout\"><tbody><tr><td><strong>Bon \u00e0 savoir :&nbsp;<\/strong>Cette protection ne joue qu\u2019en premi\u00e8re instance. Si le tribunal rejette votre recours et que vous faites appel, la proc\u00e9dure devant la cour administrative d&rsquo;appel ne suspendra pas l&rsquo;ex\u00e9cution de la d\u00e9cision. Vous pourrez donc \u00eatre \u00e9loign\u00e9 pendant que la cour examine votre appel.<\/td><\/tr><\/tbody><\/table><\/figure>\n\n\n\n<div style=\"height:40px\" aria-hidden=\"true\" class=\"wp-block-spacer\"><\/div>\n\n\n\n<figure class=\"wp-block-table\"><table class=\"has-fixed-layout\"><tbody><tr><td><strong>Ce que dit la loi :&nbsp;<\/strong>Selon l&rsquo;<a href=\"https:\/\/www.legifrance.gouv.fr\/codes\/article_lc\/LEGIARTI000042775212\" target=\"_blank\" rel=\"noopener\">article L722-7 du CESEDA<\/a>, l&rsquo;\u00e9loignement ne peut intervenir avant l&rsquo;expiration du d\u00e9lai de recours, ni avant que le tribunal administratif n&rsquo;ait statu\u00e9 s&rsquo;il a \u00e9t\u00e9 saisi.<\/td><\/tr><\/tbody><\/table><\/figure>\n\n\n\n<div style=\"height:40px\" aria-hidden=\"true\" class=\"wp-block-spacer\"><\/div>\n\n\n\n<h2 class=\"wp-block-heading\">Le tribunal administratif comp\u00e9tent et le d\u00e9p\u00f4t du recours<\/h2>\n\n\n\n<p class=\"wp-block-paragraph\">Le recours se d\u00e9pose devant le tribunal administratif dans le ressort duquel se trouve la pr\u00e9fecture qui a pris l&rsquo;OQTF. Si vous \u00eates plac\u00e9 en r\u00e9tention ou assign\u00e9 \u00e0 r\u00e9sidence, le tribunal comp\u00e9tent est celui du lieu de r\u00e9tention ou d&rsquo;assignation.<\/p>\n\n\n\n<p class=\"wp-block-paragraph\">La requ\u00eate doit \u00eatre \u00e9crite, motiv\u00e9e, et accompagn\u00e9e d&rsquo;une copie de l&rsquo;OQTF contest\u00e9e. L&rsquo;aide juridictionnelle et l&rsquo;accompagnement par un avocat<\/p>\n\n\n\n<p class=\"wp-block-paragraph\">L&rsquo;aide juridictionnelle permet, sous conditions de ressources, de faire prendre en charge les frais d\u2019avocat par l&rsquo;\u00c9tat. Comme le recours gracieux, la demande d&rsquo;aide juridictionnelle ne prolonge pas le d\u00e9lai de recours. Elle doit donc \u00eatre d\u00e9pos\u00e9e sans attendre, au plus tard en m\u00eame temps que le recours.<\/p>\n\n\n\n<p class=\"wp-block-paragraph\">Dans les situations d&rsquo;urgence, en particulier si vous \u00eates plac\u00e9 en r\u00e9tention, vous pouvez demander au pr\u00e9sident du tribunal administratif qu&rsquo;un avocat vous soit d\u00e9sign\u00e9 d&rsquo;office.&nbsp;<\/p>\n\n\n\n<p class=\"wp-block-paragraph\">Parce que le d\u00e9lai se compte parfois en heures, le <a href=\"https:\/\/elhaitem-law.com\/en\/le-cabinet\/\">cabinet El Haitem \u25c7 Law<\/a> r\u00e9pond aux urgences 24 heures sur 24.<\/p>\n\n\n\n<div style=\"height:40px\" aria-hidden=\"true\" class=\"wp-block-spacer\"><\/div>\n\n\n\n<h2 class=\"wp-block-heading\">Les arguments pour faire annuler une OQTF<\/h2>\n\n\n\n<p class=\"wp-block-paragraph\">Il existe deux cat\u00e9gories d\u2019arguments pour contester une OQTF : ceux qui visent la r\u00e9gularit\u00e9 de la d\u00e9cision, et ceux qui visent son bien-fond\u00e9.<\/p>\n\n\n\n<div style=\"height:40px\" aria-hidden=\"true\" class=\"wp-block-spacer\"><\/div>\n\n\n\n<h3 class=\"wp-block-heading\">Sur la r\u00e9gularit\u00e9<\/h3>\n\n\n\n<p class=\"wp-block-paragraph\">Le juge v\u00e9rifie la comp\u00e9tence de l&rsquo;auteur de l&rsquo;acte et la validit\u00e9 de sa d\u00e9l\u00e9gation de signature, la motivation de la d\u00e9cision et le respect de la proc\u00e9dure. Une OQTF qui reprend des motifs st\u00e9r\u00e9otyp\u00e9s, sans examen r\u00e9el de votre situation, s\u2019expose \u00e0 l&rsquo;annulation.<\/p>\n\n\n\n<div style=\"height:40px\" aria-hidden=\"true\" class=\"wp-block-spacer\"><\/div>\n\n\n\n<h3 class=\"wp-block-heading\">Sur le bien-fond\u00e9<\/h3>\n\n\n\n<p class=\"wp-block-paragraph\">L&rsquo;argument le plus fr\u00e9quent repose sur <a href=\"https:\/\/www.coe.int\/fr\/web\/human-rights-convention\/private-life\" target=\"_blank\" rel=\"noopener\">l&rsquo;article 8 de la Convention europ\u00e9enne des droits de l&rsquo;homme<\/a>, qui prot\u00e8ge votre vie priv\u00e9e et familiale. La dur\u00e9e de votre pr\u00e9sence en France, vos attaches familiales, la scolarisation de vos enfants ou encore votre activit\u00e9 professionnelle peuvent rendre l&rsquo;\u00e9loignement disproportionn\u00e9.&nbsp;<\/p>\n\n\n\n<p class=\"wp-block-paragraph\">Ensuite, l&rsquo;article 3 de la m\u00eame convention entre en jeu lorsque vous courez un risque en cas de retour dans votre pays. Le juge sanctionne aussi l&rsquo;erreur manifeste d&rsquo;appr\u00e9ciation, lorsque le pr\u00e9fet a mal mesur\u00e9 votre situation.&nbsp;<\/p>\n\n\n\n<p class=\"wp-block-paragraph\">Enfin, certaines personnes ne peuvent pas faire l&rsquo;objet d&rsquo;une OQTF : <a href=\"https:\/\/www.legifrance.gouv.fr\/codes\/article_lc\/LEGIARTI000049050381\" target=\"_blank\" rel=\"noopener\">l&rsquo;article L611-3 du CESEDA<\/a> prot\u00e8ge ainsi les mineurs.<\/p>\n\n\n\n<p class=\"wp-block-paragraph\">Chaque dossier appelle une analyse propre, car les arguments d\u00e9pendent tant du motif retenu par le pr\u00e9fet que de votre parcours.&nbsp;<\/p>\n\n\n\n<div style=\"height:40px\" aria-hidden=\"true\" class=\"wp-block-spacer\"><\/div>\n\n\n\n<h2 class=\"wp-block-heading\">Apr\u00e8s la d\u00e9cision du tribunal<\/h2>\n\n\n\n<p class=\"wp-block-paragraph\">Trois issues sont possibles. Si le tribunal annule l&rsquo;OQTF, il est mis fin aux mesures de surveillance et une autorisation provisoire de s\u00e9jour vous est remise jusqu&rsquo;\u00e0 ce que la pr\u00e9fecture r\u00e9examine votre situation, en application de <a href=\"https:\/\/www.legifrance.gouv.fr\/codes\/article_lc\/LEGIARTI000042775465\" target=\"_blank\" rel=\"noopener\">l&rsquo;article L614-16. Vous pouvez alors solliciter un titre de s\u00e9jour<\/a>.<\/p>\n\n\n\n<p class=\"wp-block-paragraph\">Si le tribunal confirme l&rsquo;OQTF, vous devez quitter la France. L&rsquo;appel reste possible devant la cour administrative d&rsquo;appel, dans un d\u00e9lai d&rsquo;un mois, mais il ne suspend pas l&rsquo;\u00e9loignement.&nbsp;<\/p>\n\n\n\n<div style=\"height:40px\" aria-hidden=\"true\" class=\"wp-block-spacer\"><\/div>\n\n\n\n<p class=\"wp-block-paragraph\"><strong>Bon \u00e0 savoir :\u00a0<\/strong><\/p>\n\n\n\n<p class=\"wp-block-paragraph\">L&rsquo;annulation de la d\u00e9cision de refus de s\u00e9jour entra\u00eene l&rsquo;abrogation de l&rsquo;OQTF qui l&rsquo;accompagnait, m\u00eame si le recours dirig\u00e9 contre l&rsquo;OQTF avait \u00e9t\u00e9 rejet\u00e9 (article L614-19).<\/p>\n\n\n\n<div style=\"height:40px\" aria-hidden=\"true\" class=\"wp-block-spacer\"><\/div>\n\n\n\n<h2 class=\"wp-block-heading\">Le cas des demandeurs d&rsquo;asile d\u00e9bout\u00e9s<\/h2>\n\n\n\n<p class=\"wp-block-paragraph\">Si votre demande d&rsquo;asile a \u00e9t\u00e9 d\u00e9finitivement rejet\u00e9e, le pr\u00e9fet prend d\u00e9sormais une OQTF d\u00e8s le rejet, y compris en proc\u00e9dure normale.&nbsp;<\/p>\n\n\n\n<p class=\"wp-block-paragraph\">Depuis l&rsquo;entr\u00e9e en vigueur du Pacte europ\u00e9en sur la migration et l&rsquo;asile, le <a href=\"https:\/\/www.legifrance.gouv.fr\/jorf\/id\/JORFTEXT000054209800\" target=\"_blank\" rel=\"noopener\">d\u00e9cret du 6 juin 2026 fixe le d\u00e9lai de recours contre cette OQTF<\/a> concomitante \u00e0 sept jours en proc\u00e9dure acc\u00e9l\u00e9r\u00e9e et \u00e0 un mois en proc\u00e9dure normale.<\/p>\n\n\n\n<p class=\"wp-block-paragraph\">Ce domaine \u00e9volue vite, et les d\u00e9lais peuvent encore \u00eatre ajust\u00e9s par d\u00e9cret. Si vous sortez d&rsquo;un parcours d&rsquo;asile, faites v\u00e9rifier votre situation rapidement, car le d\u00e9lai applicable d\u00e9pend de la proc\u00e9dure dont vous avez relev\u00e9 devant l&rsquo;OFPRA et la Cour nationale du droit d&rsquo;asile.<\/p>\n\n\n\n<div style=\"height:40px\" aria-hidden=\"true\" class=\"wp-block-spacer\"><\/div>\n\n\n\n<h2 class=\"wp-block-heading\">Questions fr\u00e9quentes<\/h2>\n\n\n\n<div style=\"height:40px\" aria-hidden=\"true\" class=\"wp-block-spacer\"><\/div>\n\n\n\n<h3 class=\"wp-block-heading\">Quel est le d\u00e9lai pour contester une OQTF ?<\/h3>\n\n\n\n<p class=\"wp-block-paragraph\">Le d\u00e9lai pour contester une OQTF est d&rsquo;un mois si vous n&rsquo;\u00eates ni assign\u00e9 \u00e0 r\u00e9sidence ni plac\u00e9 en r\u00e9tention. Il est de sept jours en cas d&rsquo;assignation \u00e0 r\u00e9sidence et de quarante-huit heures en cas de r\u00e9tention administrative. Ces d\u00e9lais courent \u00e0 partir de la notification de la d\u00e9cision.<\/p>\n\n\n\n<div style=\"height:40px\" aria-hidden=\"true\" class=\"wp-block-spacer\"><\/div>\n\n\n\n<h3 class=\"wp-block-heading\">Puis-je rester en France pendant l&rsquo;examen de mon recours ?<\/h3>\n\n\n\n<p class=\"wp-block-paragraph\"><strong><br><\/strong>Oui. Le recours contre une OQTF devant le tribunal administratif est suspensif. Vous ne pouvez pas \u00eatre \u00e9loign\u00e9 avant que le tribunal n&rsquo;ait statu\u00e9, \u00e0 condition d&rsquo;avoir d\u00e9pos\u00e9 le recours dans le d\u00e9lai imparti.<\/p>\n\n\n\n<div style=\"height:40px\" aria-hidden=\"true\" class=\"wp-block-spacer\"><\/div>\n\n\n\n<h3 class=\"wp-block-heading\">Un recours gracieux aupr\u00e8s du pr\u00e9fet prolonge-t-il le d\u00e9lai ?<\/h3>\n\n\n\n<p class=\"wp-block-paragraph\"><strong><br><\/strong>Non. Un recours gracieux aupr\u00e8s du pr\u00e9fet ou hi\u00e9rarchique aupr\u00e8s du ministre ne prolonge pas le d\u00e9lai de recours contentieux. Seul le recours devant le tribunal administratif, d\u00e9pos\u00e9 dans le d\u00e9lai, prot\u00e8ge contre l&rsquo;\u00e9loignement.<\/p>\n\n\n\n<div style=\"height:40px\" aria-hidden=\"true\" class=\"wp-block-spacer\"><\/div>\n\n\n\n<h3 class=\"wp-block-heading\">Que se passe-t-il si le tribunal annule mon OQTF ?<\/h3>\n\n\n\n<p class=\"wp-block-paragraph\"><strong><br><\/strong>Si le tribunal administratif annule votre OQTF, les mesures de surveillance prennent fin et une autorisation provisoire de s\u00e9jour vous est d\u00e9livr\u00e9e. La pr\u00e9fecture vous d\u00e9livre un titre de s\u00e9jour ou r\u00e9examine alors votre situation, et vous pouvez solliciter un titre de s\u00e9jour.<\/p>\n\n\n\n<div style=\"height:40px\" aria-hidden=\"true\" class=\"wp-block-spacer\"><\/div>\n\n\n\n<h3 class=\"wp-block-heading\">Puis-je faire appel si mon recours est rejet\u00e9 ?<\/h3>\n\n\n\n<p class=\"wp-block-paragraph\"><strong><br><\/strong>Oui. Vous pouvez faire appel devant la cour administrative d&rsquo;appel dans un d\u00e9lai d&rsquo;un mois \u00e0 compter de la notification du jugement. Cet appel ne suspend pas l&rsquo;ex\u00e9cution de l&rsquo;OQTF, vous pouvez donc \u00eatre \u00e9loign\u00e9 pendant son examen.<\/p>\n\n\n\n<p class=\"wp-block-paragraph\">Le recours contre une OQTF se joue sur des d\u00e9lais tr\u00e8s courts, de quarante-huit heures \u00e0 un mois, et une erreur de proc\u00e9dure peut suffire \u00e0 le faire rejeter. Agir vite conditionne la suite. <a href=\"https:\/\/elhaitem-law.com\/en\/le-cabinet\/\">El Haitem \u25c6 Law<\/a> intervient en droit des \u00e9trangers, en fran\u00e7ais et en anglais, et r\u00e9pond aux urgences 24 heures sur 24. Si vous avez re\u00e7u une OQTF, contactez le cabinet pour un premier \u00e9change.<\/p>","protected":false},"excerpt":{"rendered":"<p>Vous avez re\u00e7u une obligation de quitter le territoire fran\u00e7ais et le d\u00e9lai pour r\u00e9agir vous para\u00eet tr\u00e8s court. Il l&rsquo;est. Le recours principal contre une OQTF est le recours en annulation devant le tribunal administratif, \u00e0 former dans un d\u00e9lai qui va de 48 heures \u00e0 un mois selon votre situation. Ce recours suspend [&hellip;]<\/p>\n","protected":false},"author":2,"featured_media":210,"comment_status":"open","ping_status":"open","sticky":false,"template":"","format":"standard","meta":{"footnotes":""},"categories":[10],"tags":[],"class_list":["post-208","post","type-post","status-publish","format-standard","has-post-thumbnail","hentry","category-oqtf"],"_links":{"self":[{"href":"https:\/\/elhaitem-law.com\/en\/wp-json\/wp\/v2\/posts\/208","targetHints":{"allow":["GET"]}}],"collection":[{"href":"https:\/\/elhaitem-law.com\/en\/wp-json\/wp\/v2\/posts"}],"about":[{"href":"https:\/\/elhaitem-law.com\/en\/wp-json\/wp\/v2\/types\/post"}],"author":[{"embeddable":true,"href":"https:\/\/elhaitem-law.com\/en\/wp-json\/wp\/v2\/users\/2"}],"replies":[{"embeddable":true,"href":"https:\/\/elhaitem-law.com\/en\/wp-json\/wp\/v2\/comments?post=208"}],"version-history":[{"count":5,"href":"https:\/\/elhaitem-law.com\/en\/wp-json\/wp\/v2\/posts\/208\/revisions"}],"predecessor-version":[{"id":217,"href":"https:\/\/elhaitem-law.com\/en\/wp-json\/wp\/v2\/posts\/208\/revisions\/217"}],"wp:featuredmedia":[{"embeddable":true,"href":"https:\/\/elhaitem-law.com\/en\/wp-json\/wp\/v2\/media\/210"}],"wp:attachment":[{"href":"https:\/\/elhaitem-law.com\/en\/wp-json\/wp\/v2\/media?parent=208"}],"wp:term":[{"taxonomy":"category","embeddable":true,"href":"https:\/\/elhaitem-law.com\/en\/wp-json\/wp\/v2\/categories?post=208"},{"taxonomy":"post_tag","embeddable":true,"href":"https:\/\/elhaitem-law.com\/en\/wp-json\/wp\/v2\/tags?post=208"}],"curies":[{"name":"wp","href":"https:\/\/api.w.org\/{rel}","templated":true}]}}